{"id":1797,"date":"2023-09-15T21:39:58","date_gmt":"2023-09-15T19:39:58","guid":{"rendered":"https:\/\/montse-herrera.com\/?p=1797"},"modified":"2025-10-14T15:57:32","modified_gmt":"2025-10-14T13:57:32","slug":"la-renuncia-silenciosa-al-trabajo","status":"publish","type":"post","link":"https:\/\/montse-herrera.com\/index.php\/2023\/09\/15\/la-renuncia-silenciosa-al-trabajo\/","title":{"rendered":"La renuncia silenciosa al trabajo"},"content":{"rendered":"<p>[et_pb_section fb_built=\u00bb1&#8243; _builder_version=\u00bb4.14.8&#8243; _module_preset=\u00bbdefault\u00bb global_colors_info=\u00bb{}\u00bb theme_builder_area=\u00bbpost_content\u00bb][et_pb_row _builder_version=\u00bb4.14.8&#8243; _module_preset=\u00bbdefault\u00bb global_colors_info=\u00bb{}\u00bb theme_builder_area=\u00bbpost_content\u00bb][et_pb_column type=\u00bb4_4&#8243; _builder_version=\u00bb4.14.8&#8243; _module_preset=\u00bbdefault\u00bb global_colors_info=\u00bb{}\u00bb theme_builder_area=\u00bbpost_content\u00bb][et_pb_text _builder_version=\u00bb4.14.8&#8243; _module_preset=\u00bbdefault\u00bb global_colors_info=\u00bb{}\u00bb theme_builder_area=\u00bbpost_content\u00bb]<\/p>\n<p style=\"text-align: justify;\">Hace un tiempo que en los encuentros de personas que lideran profesionales existe una preocupaci\u00f3n compartida en relaci\u00f3n al clima percibido en sus equipos: desilusi\u00f3n, falta de compromiso, despreocupaci\u00f3n, desmotivaci\u00f3n, falta de inter\u00e9s o ego\u00edsmo. Diferentes t\u00e9rminos para describir una misma situaci\u00f3n que tiene como nexo de uni\u00f3n el cambio sobre el sentido del trabajo y su significaci\u00f3n en las personas y en sus vidas.<\/p>\n<p style=\"text-align: justify;\">Se trata del fen\u00f3meno \u201cla renuncia silenciosa\u201d, o <em>quiet quitting<\/em>, que lleva a la persona a renunciar a su trabajo, pero en lugar de hacerlo de forma directa, optan por desconectarse emocionalmente y por reducir su compromiso y\/o productividad de forma gradual. Este fen\u00f3meno puede mostrarse de diferentes formas: falta de iniciativa, aislamiento, baja productividad, apat\u00eda hacia la organizaci\u00f3n, falta de compromiso, incremento de las ausencias al trabajo o una comunicaci\u00f3n deficiente, entre otros.<\/p>\n<p style=\"text-align: justify;\">La crisis sanitaria vivida hace unos a\u00f1os incentiv\u00f3 el desarrollo de este fen\u00f3meno, llevando a las personas a reevaluar sus expectativas en relaci\u00f3n al trabajo y a la vida en general, priorizando su salud y su bienestar. Por otro lado, el auge del teletrabajo y la facilitaci\u00f3n de la conciliaci\u00f3n que ofrece abrieron la puerta a ciertas necesidades. Esta situaci\u00f3n deriva en que cada vez m\u00e1s las personas no est\u00e1n dispuestas a \u00abir m\u00e1s all\u00e1\u00bb en su trabajo de lo meramente establecido en su horario o en su descripci\u00f3n de puesto. El sentido del trabajo y el lugar que ocupa en sus vidas, ha cambiado.<\/p>\n<p style=\"text-align: justify;\">Por otro lado, las expectativas y las prioridades de las personas trabajadoras y de la sociedad en general cambian, sin embargo las propuestas laborales no evolucionan al mismo ritmo, produciendo un quiebre y generando frustraci\u00f3n e incomprensi\u00f3n por parte de las y los profesionales al no poder satisfacer sus necesidades, y por parte de las organizaciones al no saber c\u00f3mo motivar y fidelizar a sus equipos.<\/p>\n<h4 style=\"text-align: justify;\"><strong>Las organizaciones siguen aplicando las mismas pol\u00edticas de atracci\u00f3n y retenci\u00f3n de talento sin tener en cuenta el cambio en las expectativas y demandas de las personas.<\/strong><\/h4>\n<p><strong><\/strong><\/p>\n<p style=\"text-align: justify;\">Un estudio realizado por <a href=\"https:\/\/www.mckinsey.com\/capabilities\/people-and-organizational-performance\/our-insights\/the-great-attrition-is-making-hiring-harder-are-you-searching-the-right-talent-pools\">McKinsey Quarterly<\/a>, identifica 5 tipos de profesionales que conviven en este momento en el mercado laboral, caracterizados por las expectativas y significado que atribuyen al trabajo:<\/p>\n<h5 style=\"text-align: justify;\">Tradicionalistas<\/h5>\n<p style=\"text-align: justify;\">Se trata de profesionales orientados a su carrera y que se preocupan por el equilibrio entre su vida personal y laboral, aunque est\u00e1n dispuestos a realizar ciertas concesiones a favor de su trabajo. Lo que m\u00e1s valoran \u00e9s la retribuci\u00f3n y el reconocimiento profesional. La mayor\u00eda de las pol\u00edticas de atracci\u00f3n y retenci\u00f3n est\u00e1n orientadas a este perfil.<\/p>\n<h5 style=\"text-align: justify;\">\u201cDo it yourself\u201d<\/h5>\n<p style=\"text-align: justify;\">Valora la flexibilidad, realizar un trabajo que sea significativo para ellos y la compensaci\u00f3n. Para poder atraer y fidelizar este perfil, las organizaciones pueden ofrecer libertad, un prop\u00f3sito firme y un paquete de compensaci\u00f3n atractivo.<\/p>\n<h5 style=\"text-align: justify;\">Cuidadores<\/h5>\n<p style=\"text-align: justify;\">Valoran la flexibilidad, el cuidado y apoyo a la salud y a su bienestar y el desarrollo profesional. Priorizan poder trabajar en casa para atender el cuidado de las personas de su entorno y el de ellas mismas. Como estrategias de atracci\u00f3n se encuentra la flexibilidad horaria, semanas laborales reducidas y la ampliaci\u00f3n de beneficios sociales.<\/p>\n<h5 style=\"text-align: justify;\">Idealistas<\/h5>\n<p style=\"text-align: justify;\">Se trata de un perfil muy relacionado con los j\u00f3venes que no disponen de cargas econ\u00f3micas. Valoran la flexibilidad, su desarrollo profesional, las posibilidades de promoci\u00f3n, realizar un trabajo significativo y el clima laboral. Para ellos ser\u00e1 importante ofrecer flexibilidad, oportunidades claras que potencien su crecimiento profesional, una cultura s\u00f3lida que enfatice el prop\u00f3sito y una comunidad comprometida.<\/p>\n<h5 style=\"text-align: justify;\">Relajados<\/h5>\n<p style=\"text-align: justify;\">Abarca las personas jubiladas anticipadamente, las que est\u00e1n en edad de jubilaci\u00f3n pero todav\u00eda tienen a\u00f1os productivos por delante y personas que no buscan trabajo. La carrera profesional ya no es su prioridad, han completado su carrera y no necesariamente tienen necesidades econ\u00f3micas para vivir c\u00f3modamente.<\/p>\n<p style=\"text-align: justify;\">Ante este nuevo escenario, las organizaciones se ven obligadas a tener que ampliar su mirada para definir e implementar estrategias cada vez m\u00e1s personalizadas, as\u00ed como a perfeccionar su propuesta de valor ofreciendo prop\u00f3sitos firmes, para as\u00ed fortalecer los v\u00ednculos con sus empleados.<\/p>\n<p style=\"text-align: justify;\">\n<p style=\"text-align: justify;\"><a href=\"Imagen%20de &lt;a href=&quot;https:\/\/www.freepik.es\/foto-gratis\/collage-vintage-mujer-maleta_38109725.htm#page=3&amp;query=collage%20vintage&amp;position=26&amp;from_view=search&amp;track=ais&quot;&gt;Freepik&lt;\/a&gt;\">Imagen<\/a><\/p>\n<p>[\/et_pb_text][\/et_pb_column][\/et_pb_row][\/et_pb_section]<\/p>\n","protected":false},"excerpt":{"rendered":"<p>Hace un tiempo que en los encuentros de personas que lideran profesionales existe una preocupaci\u00f3n compartida en relaci\u00f3n al clima percibido en sus equipos: desilusi\u00f3n, falta de compromiso, despreocupaci\u00f3n, desmotivaci\u00f3n, falta de inter\u00e9s o ego\u00edsmo. Diferentes t\u00e9rminos para describir una misma situaci\u00f3n que tiene como nexo de uni\u00f3n el cambio sobre el sentido del trabajo [&hellip;]<\/p>\n","protected":false},"author":1,"featured_media":1842,"comment_status":"closed","ping_status":"open","sticky":false,"template":"","format":"standard","meta":{"_et_pb_use_builder":"on","_et_pb_old_content":"","_et_gb_content_width":""},"categories":[1],"tags":[],"_links":{"self":[{"href":"https:\/\/montse-herrera.com\/index.php\/wp-json\/wp\/v2\/posts\/1797"}],"collection":[{"href":"https:\/\/montse-herrera.com\/index.php\/wp-json\/wp\/v2\/posts"}],"about":[{"href":"https:\/\/montse-herrera.com\/index.php\/wp-json\/wp\/v2\/types\/post"}],"author":[{"embeddable":true,"href":"https:\/\/montse-herrera.com\/index.php\/wp-json\/wp\/v2\/users\/1"}],"replies":[{"embeddable":true,"href":"https:\/\/montse-herrera.com\/index.php\/wp-json\/wp\/v2\/comments?post=1797"}],"version-history":[{"count":14,"href":"https:\/\/montse-herrera.com\/index.php\/wp-json\/wp\/v2\/posts\/1797\/revisions"}],"predecessor-version":[{"id":2019,"href":"https:\/\/montse-herrera.com\/index.php\/wp-json\/wp\/v2\/posts\/1797\/revisions\/2019"}],"wp:featuredmedia":[{"embeddable":true,"href":"https:\/\/montse-herrera.com\/index.php\/wp-json\/wp\/v2\/media\/1842"}],"wp:attachment":[{"href":"https:\/\/montse-herrera.com\/index.php\/wp-json\/wp\/v2\/media?parent=1797"}],"wp:term":[{"taxonomy":"category","embeddable":true,"href":"https:\/\/montse-herrera.com\/index.php\/wp-json\/wp\/v2\/categories?post=1797"},{"taxonomy":"post_tag","embeddable":true,"href":"https:\/\/montse-herrera.com\/index.php\/wp-json\/wp\/v2\/tags?post=1797"}],"curies":[{"name":"wp","href":"https:\/\/api.w.org\/{rel}","templated":true}]}}